{"id":22190,"date":"2026-07-15T18:09:59","date_gmt":"2026-07-15T16:09:59","guid":{"rendered":"https:\/\/www.rsue.de\/?p=22190"},"modified":"2026-07-16T11:50:47","modified_gmt":"2026-07-16T09:50:47","slug":"realschul-seeathlon-2026-ergebnisse","status":"publish","type":"post","link":"https:\/\/www.rsue.de\/?p=22190","title":{"rendered":"Realschul-Seeathlon 2026: Ergebnisse"},"content":{"rendered":"\n<p class=\"wp-block-paragraph\">Unter idealen Rahmenbedingungen konnten wir in diesem Jahr unseren Sporttag durchf\u00fchren. Ein herzliches Dankesch\u00f6n gilt der Familie Aktas vom \u00dcberlinger Strandbad Ost und ihrem Team, den Schulsanit\u00e4tern, allen Organisatoren, Helfern, Klassenlehrern und vor allem den fairen Sportlern.<\/p>\n\n\n\n<figure class=\"wp-block-image aligncenter size-large\"><img fetchpriority=\"high\" decoding=\"async\" width=\"505\" height=\"639\" src=\"https:\/\/www.rsue.de\/wp-content\/uploads\/2026\/07\/Ergebnisse2026-1-505x639.png\" alt=\"\" class=\"wp-image-22194\" srcset=\"https:\/\/www.rsue.de\/wp-content\/uploads\/2026\/07\/Ergebnisse2026-1-505x639.png 505w, https:\/\/www.rsue.de\/wp-content\/uploads\/2026\/07\/Ergebnisse2026-1-237x300.png 237w, https:\/\/www.rsue.de\/wp-content\/uploads\/2026\/07\/Ergebnisse2026-1-768x971.png 768w, https:\/\/www.rsue.de\/wp-content\/uploads\/2026\/07\/Ergebnisse2026-1-1000x1264.png 1000w, https:\/\/www.rsue.de\/wp-content\/uploads\/2026\/07\/Ergebnisse2026-1-230x291.png 230w, https:\/\/www.rsue.de\/wp-content\/uploads\/2026\/07\/Ergebnisse2026-1-350x442.png 350w, https:\/\/www.rsue.de\/wp-content\/uploads\/2026\/07\/Ergebnisse2026-1-480x607.png 480w, https:\/\/www.rsue.de\/wp-content\/uploads\/2026\/07\/Ergebnisse2026-1.png 1045w\" sizes=\"(max-width: 505px) 100vw, 505px\" \/><\/figure>\n\n\n\n<figure class=\"wp-block-image aligncenter size-large\"><img decoding=\"async\" width=\"639\" height=\"479\" src=\"https:\/\/www.rsue.de\/wp-content\/uploads\/2026\/07\/IMG-20260715-WA0009-639x479.jpg\" alt=\"\" class=\"wp-image-22196\" srcset=\"https:\/\/www.rsue.de\/wp-content\/uploads\/2026\/07\/IMG-20260715-WA0009-639x479.jpg 639w, https:\/\/www.rsue.de\/wp-content\/uploads\/2026\/07\/IMG-20260715-WA0009-300x225.jpg 300w, https:\/\/www.rsue.de\/wp-content\/uploads\/2026\/07\/IMG-20260715-WA0009-768x576.jpg 768w, https:\/\/www.rsue.de\/wp-content\/uploads\/2026\/07\/IMG-20260715-WA0009-1536x1152.jpg 1536w, https:\/\/www.rsue.de\/wp-content\/uploads\/2026\/07\/IMG-20260715-WA0009-1000x750.jpg 1000w, https:\/\/www.rsue.de\/wp-content\/uploads\/2026\/07\/IMG-20260715-WA0009-230x173.jpg 230w, https:\/\/www.rsue.de\/wp-content\/uploads\/2026\/07\/IMG-20260715-WA0009-350x263.jpg 350w, https:\/\/www.rsue.de\/wp-content\/uploads\/2026\/07\/IMG-20260715-WA0009-480x360.jpg 480w, https:\/\/www.rsue.de\/wp-content\/uploads\/2026\/07\/IMG-20260715-WA0009.jpg 1600w\" sizes=\"(max-width: 639px) 100vw, 639px\" \/><\/figure>\n\n\n\n<div class=\"wp-block-group is-layout-flow wp-block-group-is-layout-flow\" style=\"padding-top:0;padding-bottom:0\">\n<div class=\"wp-block-group has-global-color-7-background-color has-background has-global-padding is-content-justification-center is-layout-constrained wp-block-group-is-layout-constrained\" style=\"padding-top:var(--wp--preset--spacing--20);padding-bottom:10px\">\n<h4 class=\"wp-block-heading\">Jahrgangsstufe 9 begeistert beim Seeathlon<\/h4>\n\n\n\n<p class=\"wp-block-paragraph\">Was f\u00fcr ein Wettkampf! Beim diesj\u00e4hrigen Seeathlon sorgte die Jahrgangsstufe 9 f\u00fcr Spannung bis zur letzten Minute. Schon bei der ersten Disziplin, dem Paddeln, zeichnete sich ab, dass sich die&nbsp;9c&nbsp;und die&nbsp;9d&nbsp;ein packendes Kopf-an-Kopf-Rennen um den Sieg liefern w\u00fcrden. Beide Klassen waren vom ersten Moment an hochmotiviert, feuerten sich lautstark an und steigerten sich durch ihre Konkurrenz mit jeder Disziplin gegenseitig zu neuen H\u00f6chstleistungen. Bis zum Schluss war v\u00f6llig offen, welche Klasse am Ende ganz oben auf dem Treppchen stehen w\u00fcrde.<\/p>\n\n\n\n<p class=\"wp-block-paragraph\">Mit einer beeindruckenden Teamleistung setzte sich schlie\u00dflich die&nbsp;9d&nbsp;knapp durch und gewann mit&nbsp;533 Punkten&nbsp;nicht nur den&nbsp;1. Platz der neunten Klassen, sondern gleichzeitig auch den&nbsp;Gesamtsieg des Seeathlons. Die&nbsp;9c&nbsp;erreichte mit&nbsp;512 Punkten&nbsp;einen hervorragenden&nbsp;2. Platz&nbsp;und wurde damit gleichzeitig&nbsp;Gesamtzweiter&nbsp;aller&nbsp;19 teilnehmenden Klassen.<\/p>\n\n\n\n<p class=\"wp-block-paragraph\">Doch damit war die Erfolgsgeschichte der Jahrgangsstufe 9 noch nicht zu Ende. Auch die&nbsp;9b&nbsp;\u00fcberzeugte trotz eines vergleichsweise kleinen Jungenanteils mit gro\u00dfem Kampfgeist und einer starken Teamleistung. Vor allem die M\u00e4dchen sammelten wichtige Punkte und trugen ma\u00dfgeblich dazu bei, dass die Klasse bis zum Schluss im Spitzenfeld mitmischte. Mit&nbsp;504 Punkten&nbsp;erreichte die&nbsp;9b&nbsp;den&nbsp;3. Platz der Gesamtwertung.<\/p>\n\n\n\n<p class=\"wp-block-paragraph\">Die&nbsp;9a&nbsp;komplettierte das herausragende Abschneiden der Jahrgangsstufe: Mit dem&nbsp;4. Platz&nbsp;innerhalb der neunten Klassen belegte sie gleichzeitig den&nbsp;4. Platz der Gesamtwertung&nbsp;aller&nbsp;19 teilnehmenden Klassen&nbsp;\u2013 ein bemerkenswertes Ergebnis.<\/p>\n\n\n\n<p class=\"wp-block-paragraph\">Damit gingen die&nbsp;Pl\u00e4tze 1 bis 4 der Gesamtwertung&nbsp;vollst\u00e4ndig an die vier neunten Klassen. Ein au\u00dfergew\u00f6hnlicher Erfolg, der eindrucksvoll zeigt, wie sportlich, motiviert und leistungsstark die gesamte Jahrgangsstufe 9 aufgestellt ist. Der diesj\u00e4hrige Seeathlon war gepr\u00e4gt von gro\u00dfem Teamgeist, gegenseitiger Motivation und einem fairen Wettkampf, der alle Sch\u00fclerinnen und Sch\u00fcler zu H\u00f6chstleistungen anspornte.<\/p>\n\n\n\n<p class=\"wp-block-paragraph\">F\u00fcr einen besonderen Schmunzelmoment sorgte au\u00dferdem eine kleine Wette am Rande des Wettkampfs: Philipp M. aus der 9c war sich so sicher, dass seine Klasse den Seeathlon gewinnen w\u00fcrde, dass er mir eine Eiswette anbot. Am Ende hatte die 9d knapp die Nase vorn. Auf meinen Eisgewinn verzichtete ich selbstverst\u00e4ndlich. Der Spa\u00df stand an diesem Tag schlie\u00dflich im Vordergrund.<\/p>\n\n\n\n<p class=\"wp-block-paragraph\">Herzlichen Gl\u00fcckwunsch an alle vier Klassen zu diesem au\u00dfergew\u00f6hnlichen Erfolg!<br \/><em>A. Wind<\/em><\/p>\n<\/div>\n<\/div>\n\n\n\n<p class=\"wp-block-paragraph\"><\/p>\n","protected":false},"excerpt":{"rendered":"<p>Unter idealen Rahmenbedingungen konnten wir in diesem Jahr unseren Sporttag durchf\u00fchren. Ein herzliches Dankesch\u00f6n gilt der Familie Aktas vom \u00dcberlinger Strandbad Ost [&hellip;]<\/p>\n","protected":false},"author":3,"featured_media":0,"comment_status":"closed","ping_status":"closed","sticky":false,"template":"","format":"standard","meta":{"footnotes":""},"categories":[26],"tags":[],"class_list":["post-22190","post","type-post","status-publish","format-standard","hentry","category-sport"],"_links":{"self":[{"href":"https:\/\/www.rsue.de\/index.php?rest_route=\/wp\/v2\/posts\/22190","targetHints":{"allow":["GET"]}}],"collection":[{"href":"https:\/\/www.rsue.de\/index.php?rest_route=\/wp\/v2\/posts"}],"about":[{"href":"https:\/\/www.rsue.de\/index.php?rest_route=\/wp\/v2\/types\/post"}],"author":[{"embeddable":true,"href":"https:\/\/www.rsue.de\/index.php?rest_route=\/wp\/v2\/users\/3"}],"replies":[{"embeddable":true,"href":"https:\/\/www.rsue.de\/index.php?rest_route=%2Fwp%2Fv2%2Fcomments&post=22190"}],"version-history":[{"count":10,"href":"https:\/\/www.rsue.de\/index.php?rest_route=\/wp\/v2\/posts\/22190\/revisions"}],"predecessor-version":[{"id":22205,"href":"https:\/\/www.rsue.de\/index.php?rest_route=\/wp\/v2\/posts\/22190\/revisions\/22205"}],"wp:attachment":[{"href":"https:\/\/www.rsue.de\/index.php?rest_route=%2Fwp%2Fv2%2Fmedia&parent=22190"}],"wp:term":[{"taxonomy":"category","embeddable":true,"href":"https:\/\/www.rsue.de\/index.php?rest_route=%2Fwp%2Fv2%2Fcategories&post=22190"},{"taxonomy":"post_tag","embeddable":true,"href":"https:\/\/www.rsue.de\/index.php?rest_route=%2Fwp%2Fv2%2Ftags&post=22190"}],"curies":[{"name":"wp","href":"https:\/\/api.w.org\/{rel}","templated":true}]}}