{"id":21345,"date":"2024-10-08T16:52:52","date_gmt":"2024-10-08T14:52:52","guid":{"rendered":"https:\/\/www.rsue.de\/?p=21345"},"modified":"2024-10-08T16:52:52","modified_gmt":"2024-10-08T14:52:52","slug":"realschule-ueberlingen-nimmt-an-schutzkonzept-studie-teil","status":"publish","type":"post","link":"https:\/\/www.rsue.de\/?p=21345","title":{"rendered":"Realschule \u00dcberlingen nimmt an Schutzkonzept-Studie teil"},"content":{"rendered":"\n<p><\/p>\n\n\n\n<figure class=\"wp-block-image\"><img decoding=\"async\" src=\"blob:https:\/\/www.rsue.de\/c0992032-b89e-48dc-8d81-6a63be4c3245\" alt=\"\"\/><\/figure>\n\n\n\n<p>Die Realschule \u00dcberlingen hat an einer Studie des renommierten Deutschen Jugendinstituts zur Entwicklung von Schutzkonzepten teilgenommen. Das Schutzkonzept unserer Schule verfolgt zwei zentrale Ziele: Die Realschule \u00dcberlingen soll nicht nur ein Schutzort sein, an dem Kinder und Jugendliche vor \u00dcbergriffen sicher sind, sondern auch ein Kompetenzort, an dem sie Ansprechpartner:innen finden, wenn sie \u2013 egal wo \u2013 Erfahrungen mit sexueller Gewalt gemacht haben.<\/p>\n\n\n\n<p>Unser Schutzkonzept umfasst Pr\u00e4ventionsangebote, Fortbildungen f\u00fcr das Kollegium, einen achtsamen Umgang mit Sch\u00fcler:innen, ein Beschwerdeverfahren sowie einen Interventionsplan. In Zusammenarbeit mit dem Kollegium, der Pr\u00e4ventionsgruppe und der SMV ist die Realschule \u00dcberlingen auf einem guten Weg, dieses Konzept zu vervollst\u00e4ndigen und umzusetzen.&nbsp;<\/p>\n","protected":false},"excerpt":{"rendered":"<p>Die Realschule \u00dcberlingen hat an einer Studie des renommierten Deutschen Jugendinstituts zur Entwicklung von Schutzkonzepten teilgenommen. Das Schutzkonzept unserer Schule verfolgt zwei [&hellip;]<\/p>\n","protected":false},"author":230,"featured_media":0,"comment_status":"closed","ping_status":"closed","sticky":false,"template":"","format":"standard","meta":{"footnotes":""},"categories":[12,76],"tags":[],"class_list":["post-21345","post","type-post","status-publish","format-standard","hentry","category-schulleitung","category-sozialag"],"_links":{"self":[{"href":"https:\/\/www.rsue.de\/index.php?rest_route=\/wp\/v2\/posts\/21345","targetHints":{"allow":["GET"]}}],"collection":[{"href":"https:\/\/www.rsue.de\/index.php?rest_route=\/wp\/v2\/posts"}],"about":[{"href":"https:\/\/www.rsue.de\/index.php?rest_route=\/wp\/v2\/types\/post"}],"author":[{"embeddable":true,"href":"https:\/\/www.rsue.de\/index.php?rest_route=\/wp\/v2\/users\/230"}],"replies":[{"embeddable":true,"href":"https:\/\/www.rsue.de\/index.php?rest_route=%2Fwp%2Fv2%2Fcomments&post=21345"}],"version-history":[{"count":1,"href":"https:\/\/www.rsue.de\/index.php?rest_route=\/wp\/v2\/posts\/21345\/revisions"}],"predecessor-version":[{"id":21347,"href":"https:\/\/www.rsue.de\/index.php?rest_route=\/wp\/v2\/posts\/21345\/revisions\/21347"}],"wp:attachment":[{"href":"https:\/\/www.rsue.de\/index.php?rest_route=%2Fwp%2Fv2%2Fmedia&parent=21345"}],"wp:term":[{"taxonomy":"category","embeddable":true,"href":"https:\/\/www.rsue.de\/index.php?rest_route=%2Fwp%2Fv2%2Fcategories&post=21345"},{"taxonomy":"post_tag","embeddable":true,"href":"https:\/\/www.rsue.de\/index.php?rest_route=%2Fwp%2Fv2%2Ftags&post=21345"}],"curies":[{"name":"wp","href":"https:\/\/api.w.org\/{rel}","templated":true}]}}