{"id":21149,"date":"2024-09-17T11:54:23","date_gmt":"2024-09-17T09:54:23","guid":{"rendered":"https:\/\/www.rsue.de\/?p=21149"},"modified":"2024-09-17T11:54:23","modified_gmt":"2024-09-17T09:54:23","slug":"verabschiedung-von-frau-dr-broszat","status":"publish","type":"post","link":"https:\/\/www.rsue.de\/?p=21149","title":{"rendered":"Verabschiedung von Frau Dr. Broszat"},"content":{"rendered":"\n<p>Vor den Sommerferien haben wir Dr. Karin\u00a0Broszat\u00a0nach elf Jahren als Rektorin der Realschule \u00dcberlingen in einem fr\u00f6hlichen Fest verabschiedet. Wir w\u00fcnschen ihr alles Gute als Landesvorsitzende des Realschullehrerverbands (RLV), im Hauptpersonalrat in Stuttgart und im \u00f6rtlichen Personalrat in Markdorf!<\/p>\n\n\n\n<figure class=\"wp-block-image size-large\"><img fetchpriority=\"high\" decoding=\"async\" width=\"639\" height=\"426\" src=\"https:\/\/www.rsue.de\/wp-content\/uploads\/2024\/09\/Aula-1-639x426.jpg\" alt=\"\" class=\"wp-image-21150\" srcset=\"https:\/\/www.rsue.de\/wp-content\/uploads\/2024\/09\/Aula-1-639x426.jpg 639w, https:\/\/www.rsue.de\/wp-content\/uploads\/2024\/09\/Aula-1-300x200.jpg 300w, https:\/\/www.rsue.de\/wp-content\/uploads\/2024\/09\/Aula-1-768x512.jpg 768w, https:\/\/www.rsue.de\/wp-content\/uploads\/2024\/09\/Aula-1-1536x1024.jpg 1536w, https:\/\/www.rsue.de\/wp-content\/uploads\/2024\/09\/Aula-1-2048x1365.jpg 2048w, https:\/\/www.rsue.de\/wp-content\/uploads\/2024\/09\/Aula-1-1000x667.jpg 1000w, https:\/\/www.rsue.de\/wp-content\/uploads\/2024\/09\/Aula-1-230x153.jpg 230w, https:\/\/www.rsue.de\/wp-content\/uploads\/2024\/09\/Aula-1-350x233.jpg 350w, https:\/\/www.rsue.de\/wp-content\/uploads\/2024\/09\/Aula-1-480x320.jpg 480w\" sizes=\"(max-width: 639px) 100vw, 639px\" \/><\/figure>\n","protected":false},"excerpt":{"rendered":"<p>Vor den Sommerferien haben wir Dr. Karin\u00a0Broszat\u00a0nach elf Jahren als Rektorin der Realschule \u00dcberlingen in einem fr\u00f6hlichen Fest verabschiedet. Wir w\u00fcnschen ihr [&hellip;]<\/p>\n","protected":false},"author":236,"featured_media":0,"comment_status":"closed","ping_status":"closed","sticky":false,"template":"","format":"standard","meta":{"footnotes":""},"categories":[12],"tags":[],"class_list":["post-21149","post","type-post","status-publish","format-standard","hentry","category-schulleitung"],"_links":{"self":[{"href":"https:\/\/www.rsue.de\/index.php?rest_route=\/wp\/v2\/posts\/21149","targetHints":{"allow":["GET"]}}],"collection":[{"href":"https:\/\/www.rsue.de\/index.php?rest_route=\/wp\/v2\/posts"}],"about":[{"href":"https:\/\/www.rsue.de\/index.php?rest_route=\/wp\/v2\/types\/post"}],"author":[{"embeddable":true,"href":"https:\/\/www.rsue.de\/index.php?rest_route=\/wp\/v2\/users\/236"}],"replies":[{"embeddable":true,"href":"https:\/\/www.rsue.de\/index.php?rest_route=%2Fwp%2Fv2%2Fcomments&post=21149"}],"version-history":[{"count":1,"href":"https:\/\/www.rsue.de\/index.php?rest_route=\/wp\/v2\/posts\/21149\/revisions"}],"predecessor-version":[{"id":21151,"href":"https:\/\/www.rsue.de\/index.php?rest_route=\/wp\/v2\/posts\/21149\/revisions\/21151"}],"wp:attachment":[{"href":"https:\/\/www.rsue.de\/index.php?rest_route=%2Fwp%2Fv2%2Fmedia&parent=21149"}],"wp:term":[{"taxonomy":"category","embeddable":true,"href":"https:\/\/www.rsue.de\/index.php?rest_route=%2Fwp%2Fv2%2Fcategories&post=21149"},{"taxonomy":"post_tag","embeddable":true,"href":"https:\/\/www.rsue.de\/index.php?rest_route=%2Fwp%2Fv2%2Ftags&post=21149"}],"curies":[{"name":"wp","href":"https:\/\/api.w.org\/{rel}","templated":true}]}}